{"id":72,"date":"2020-02-27T21:08:31","date_gmt":"2020-02-27T21:08:31","guid":{"rendered":"http:\/\/themenectar.com\/demo\/salient-nonprofit\/?p=72"},"modified":"2024-09-24T06:13:24","modified_gmt":"2024-09-24T06:13:24","slug":"tackling-marine-pollution-with-science","status":"publish","type":"post","link":"https:\/\/mihalache-civic.ro\/index.php\/2020\/02\/27\/tackling-marine-pollution-with-science\/","title":{"rendered":"\u00cent\u00e2lnirea de lansare a proiectului"},"content":{"rendered":"\n<p>Cu bucurie anun\u021b\u0103m lansarea proiectului de regenerare durabil\u0103 a spa\u021biilor verzi din zona Mihalache &#8211; Turda, ini\u021biat de Grupul de Ini\u021biativ\u0103 Mihalache CIVIC 113, cu sprijinul Platformei de Mediu pentru Bucure\u0219ti. <img loading=\"lazy\" decoding=\"async\" height=\"16\" width=\"16\" src=\"https:\/\/static.xx.fbcdn.net\/images\/emoji.php\/v9\/t2b\/2\/16\/1f389.png\" alt=\"\ud83c\udf89\"><\/p>\n\n\n\n<h3 class=\"wp-block-heading\">Ce vom face?<\/h3>\n\n\n\n<p><img loading=\"lazy\" decoding=\"async\" height=\"16\" width=\"16\" alt=\"\u2705\" src=\"https:\/\/static.xx.fbcdn.net\/images\/emoji.php\/v9\/tb4\/2\/16\/2705.png\"> Regenerarea spa\u021biilor verzi prin proceduri pentru fertilizarea solului, plantarea de arbu\u0219ti, flori \u0219i salvarea plantelor existente.<\/p>\n\n\n\n<p><img loading=\"lazy\" decoding=\"async\" height=\"16\" width=\"16\" alt=\"\u2705\" src=\"https:\/\/static.xx.fbcdn.net\/images\/emoji.php\/v9\/tb4\/2\/16\/2705.png\"> Instalarea unor sisteme eficiente pentru a asigura \u00eengrijirea pe termen lung.<\/p>\n\n\n\n<p><img loading=\"lazy\" decoding=\"async\" height=\"16\" width=\"16\" alt=\"\u2705\" src=\"https:\/\/static.xx.fbcdn.net\/images\/emoji.php\/v9\/tb4\/2\/16\/2705.png\"><a><\/a>Crearea de pere\u021bi verzi cu o structur\u0103 suport estetic\u0103 pentru un plus de verdea\u021b\u0103 \u0219i frumuse\u021be urban\u0103.<\/p>\n\n\n\n<p><img loading=\"lazy\" decoding=\"async\" height=\"16\" width=\"16\" alt=\"\u2705\" src=\"https:\/\/static.xx.fbcdn.net\/images\/emoji.php\/v9\/tb4\/2\/16\/2705.png\"> Plantarea de noi arbori pentru a \u00eembun\u0103t\u0103\u021bi peisajul stradal.<\/p>\n\n\n\n<h3 class=\"wp-block-heading\"><img loading=\"lazy\" decoding=\"async\" height=\"16\" width=\"16\" alt=\"\ud83d\udca1\" src=\"https:\/\/static.xx.fbcdn.net\/images\/emoji.php\/v9\/tdb\/2\/16\/1f4a1.png\"> De ce facem asta?<\/h3>\n\n\n\n<p>Calitatea spa\u021biilor verzi din jurul nostru este esen\u021bial\u0103 pentru s\u0103n\u0103tatea \u0219i bun\u0103starea comunit\u0103\u021bii.<\/p>\n\n\n\n<p>\u00cempreun\u0103, dorim s\u0103 transform\u0103m aceste zone verzi degradate \u00een spa\u021bii sustenabile, at\u00e2t pentru s\u0103n\u0103tatea mediului c\u00e2t \u0219i pentru noi.<\/p>\n\n\n\n<p>Vom implica copiii \u00een activit\u0103\u021bi educative, pentru a insufla respectul pentru natur\u0103 \u00eenc\u0103 de mici.<\/p>\n\n\n\n<p>\u00cen lunile urm\u0103toare, ve\u021bi vedea schimb\u0103ri semnificative \u00een cartierul nostru. V\u0103 invit\u0103m s\u0103 fi\u021bi al\u0103turi de noi \u0219i s\u0103 contribui\u021bi la acest proiect! <img loading=\"lazy\" decoding=\"async\" height=\"16\" width=\"16\" alt=\"\ud83c\udf33\" src=\"https:\/\/static.xx.fbcdn.net\/images\/emoji.php\/v9\/ta\/2\/16\/1f333.png\"><\/p>\n\n\n\n<p><img loading=\"lazy\" decoding=\"async\" height=\"16\" width=\"16\" alt=\"\ud83c\udf0d\" src=\"https:\/\/static.xx.fbcdn.net\/images\/emoji.php\/v9\/tde\/2\/16\/1f30d.png\"> \u00cempreun\u0103 putem crea un viitor mai verde \u0219i mai frumos pentru noi to\u021bi!<\/p>\n\n\n\n<p><a href=\"https:\/\/www.facebook.com\/hashtag\/mihalachecivic113?__eep__=6&amp;__cft__[0]=AZV2lfzV2e-GksGkRAPnBm3_W7VSo5ZUBlskYFGrxIj5ZsJ7WqB2FTt5v4CZjAv9pIC2KrV69NASRHhjt7X9qH8BfeZ8iV5bjjIGA3qk9An5uJYx-3iFP6zlvBPjaHw9sXyiRbkc8XAm5T8kfrDEffRun_jPhT_p7U0HSfr3GikCIJ36OV1etIpIZK4EU5wg6B7O4qtrEeSeY9fxeK-xp-AK&amp;__tn__=*NK-R\">#MihalacheCivic113<\/a><\/p>\n","protected":false},"excerpt":{"rendered":"<p>Cu bucurie anun\u021b\u0103m lansarea proiectului de regenerare durabil\u0103 a spa\u021biilor verzi din zona Mihalache &#8211; Turda, ini\u021biat de Grupul de Ini\u021biativ\u0103 Mihalache CIVIC 113, cu sprijinul Platformei de Mediu pentru&#8230;<\/p>\n","protected":false},"author":1,"featured_media":190,"comment_status":"open","ping_status":"open","sticky":false,"template":"","format":"standard","meta":{"footnotes":""},"categories":[2],"tags":[],"class_list":{"0":"post-72","1":"post","2":"type-post","3":"status-publish","4":"format-standard","5":"has-post-thumbnail","7":"category-noutati"},"_links":{"self":[{"href":"https:\/\/mihalache-civic.ro\/index.php\/wp-json\/wp\/v2\/posts\/72","targetHints":{"allow":["GET"]}}],"collection":[{"href":"https:\/\/mihalache-civic.ro\/index.php\/wp-json\/wp\/v2\/posts"}],"about":[{"href":"https:\/\/mihalache-civic.ro\/index.php\/wp-json\/wp\/v2\/types\/post"}],"author":[{"embeddable":true,"href":"https:\/\/mihalache-civic.ro\/index.php\/wp-json\/wp\/v2\/users\/1"}],"replies":[{"embeddable":true,"href":"https:\/\/mihalache-civic.ro\/index.php\/wp-json\/wp\/v2\/comments?post=72"}],"version-history":[{"count":1,"href":"https:\/\/mihalache-civic.ro\/index.php\/wp-json\/wp\/v2\/posts\/72\/revisions"}],"predecessor-version":[{"id":196,"href":"https:\/\/mihalache-civic.ro\/index.php\/wp-json\/wp\/v2\/posts\/72\/revisions\/196"}],"wp:featuredmedia":[{"embeddable":true,"href":"https:\/\/mihalache-civic.ro\/index.php\/wp-json\/wp\/v2\/media\/190"}],"wp:attachment":[{"href":"https:\/\/mihalache-civic.ro\/index.php\/wp-json\/wp\/v2\/media?parent=72"}],"wp:term":[{"taxonomy":"category","embeddable":true,"href":"https:\/\/mihalache-civic.ro\/index.php\/wp-json\/wp\/v2\/categories?post=72"},{"taxonomy":"post_tag","embeddable":true,"href":"https:\/\/mihalache-civic.ro\/index.php\/wp-json\/wp\/v2\/tags?post=72"}],"curies":[{"name":"wp","href":"https:\/\/api.w.org\/{rel}","templated":true}]}}